[{"@context":"https:\/\/schema.org\/","@type":"Article","@id":"https:\/\/www.attorneync.com\/es\/compensacion-laboral-carolina-del-norte\/despido-reclamo-compensacion-laboral\/#Article","mainEntityOfPage":"https:\/\/www.attorneync.com\/es\/compensacion-laboral-carolina-del-norte\/despido-reclamo-compensacion-laboral\/","headline":"Despido por Reclamo de Compensaci\u00f3n Laboral","name":"Despido por Reclamo de Compensaci\u00f3n Laboral","description":"Si se lesion\u00f3 en el trabajo en Carolina del Norte, no deber\u00eda preocuparse por si presentar un reclamo de compensaci\u00f3n laboral resultar\u00e1 en su despido. \u00bfPuede ser despedido por presentar un reclamo de compensaci\u00f3n laboral en NC? En resumen, la respuesta es no, al menos no legalmente. Existen leyes en...","datePublished":"2023-03-20","dateModified":"2026-02-25","author":{"@type":"Person","@id":"https:\/\/www.attorneync.com\/blog\/author\/attorneync\/#Person","name":"Younce, Vtipil, Baznik &amp; Banks, P.A.","url":"https:\/\/www.attorneync.com\/blog\/author\/attorneync\/","identifier":10,"image":{"@type":"ImageObject","@id":"https:\/\/secure.gravatar.com\/avatar\/573c9b3262c289cb45e5bf3ade76babfc339c5635d23d6d950ff68d15fd3a602?s=96&d=mm&r=g","url":"https:\/\/secure.gravatar.com\/avatar\/573c9b3262c289cb45e5bf3ade76babfc339c5635d23d6d950ff68d15fd3a602?s=96&d=mm&r=g","height":96,"width":96}},"publisher":{"@type":"Organization","name":"Younce, Vtipil, Baznik & Banks P.A.","logo":{"@type":"ImageObject","@id":"https:\/\/www.attorneync.com\/wp-content\/uploads\/2020\/03\/logo2020b.png","url":"https:\/\/www.attorneync.com\/wp-content\/uploads\/2020\/03\/logo2020b.png","width":390,"height":107}},"image":{"@type":"ImageObject","@id":"https:\/\/www.attorneync.com\/wp-content\/uploads\/2023\/03\/empleado-despedido-scaled.jpg","url":"https:\/\/www.attorneync.com\/wp-content\/uploads\/2023\/03\/empleado-despedido-scaled.jpg","height":1707,"width":2560},"url":"https:\/\/www.attorneync.com\/es\/compensacion-laboral-carolina-del-norte\/despido-reclamo-compensacion-laboral\/"},{"@context":"https:\/\/schema.org","@type":"BreadcrumbList","@id":"https:\/\/www.attorneync.com\/es\/compensacion-laboral-carolina-del-norte\/despido-reclamo-compensacion-laboral\/#BreadcrumbList","itemListElement":[{"@type":"ListItem","position":1,"name":"Espa\u00f1ol","item":"https:\/\/www.attorneync.com\/es\/#breadcrumbitem"},{"@type":"ListItem","position":2,"name":"Compensaci\u00f3n Laboral","item":"https:\/\/www.attorneync.com\/es\/compensacion-laboral-carolina-del-norte\/#breadcrumbitem"},{"@type":"ListItem","position":3,"name":"Despido por Reclamo de Compensaci\u00f3n Laboral","item":"https:\/\/www.attorneync.com\/es\/compensacion-laboral-carolina-del-norte\/despido-reclamo-compensacion-laboral\/#breadcrumbitem"}]}]