[{"@context":"https:\/\/schema.org\/","@type":"Article","@id":"https:\/\/www.attorneync.com\/es\/compensacion-laboral-carolina-del-norte\/lesiones-en-el-cuello\/#Article","mainEntityOfPage":"https:\/\/www.attorneync.com\/es\/compensacion-laboral-carolina-del-norte\/lesiones-en-el-cuello\/","headline":"Compensaci\u00f3n Laboral por Lesiones en el Cuello","name":"Compensaci\u00f3n Laboral por Lesiones en el Cuello","description":"\u00bfHa sufrido una lesi\u00f3n en el cuello mientras trabajaba? Si es as\u00ed, necesita un abogado de compensaci\u00f3n laboral de Carolina del Norte de Younce, Vtipil, Baznik &amp; Banks. Hemos ayudado a miles de trabajadores lesionados en todo el estado a obtener los beneficios que les corresponden, y estamos preparados para...","datePublished":"2026-04-16","dateModified":"2026-04-16","author":{"@type":"Person","@id":"https:\/\/www.attorneync.com\/blog\/author\/attorneync\/#Person","name":"Younce, Vtipil, Baznik &amp; Banks, P.A.","url":"https:\/\/www.attorneync.com\/blog\/author\/attorneync\/","identifier":10,"image":{"@type":"ImageObject","@id":"https:\/\/secure.gravatar.com\/avatar\/573c9b3262c289cb45e5bf3ade76babfc339c5635d23d6d950ff68d15fd3a602?s=96&d=mm&r=g","url":"https:\/\/secure.gravatar.com\/avatar\/573c9b3262c289cb45e5bf3ade76babfc339c5635d23d6d950ff68d15fd3a602?s=96&d=mm&r=g","height":96,"width":96}},"publisher":{"@type":"Organization","name":"Younce, Vtipil, Baznik & Banks P.A.","logo":{"@type":"ImageObject","@id":"https:\/\/www.attorneync.com\/wp-content\/uploads\/2020\/03\/logo2020b.png","url":"https:\/\/www.attorneync.com\/wp-content\/uploads\/2020\/03\/logo2020b.png","width":390,"height":107}},"image":{"@type":"ImageObject","@id":"https:\/\/www.attorneync.com\/wp-content\/uploads\/2026\/04\/compensacion-laboral-lesiones-cuello.png","url":"https:\/\/www.attorneync.com\/wp-content\/uploads\/2026\/04\/compensacion-laboral-lesiones-cuello.png","height":366,"width":500},"url":"https:\/\/www.attorneync.com\/es\/compensacion-laboral-carolina-del-norte\/lesiones-en-el-cuello\/"},{"@context":"https:\/\/schema.org","@type":"BreadcrumbList","@id":"https:\/\/www.attorneync.com\/es\/compensacion-laboral-carolina-del-norte\/lesiones-en-el-cuello\/#BreadcrumbList","itemListElement":[{"@type":"ListItem","position":1,"name":"Espa\u00f1ol","item":"https:\/\/www.attorneync.com\/es\/#breadcrumbitem"},{"@type":"ListItem","position":2,"name":"Compensaci\u00f3n Laboral","item":"https:\/\/www.attorneync.com\/es\/compensacion-laboral-carolina-del-norte\/#breadcrumbitem"},{"@type":"ListItem","position":3,"name":"Compensaci\u00f3n Laboral por Lesiones en el Cuello","item":"https:\/\/www.attorneync.com\/es\/compensacion-laboral-carolina-del-norte\/lesiones-en-el-cuello\/#breadcrumbitem"}]}]